{"id":5049,"date":"2025-05-26T11:27:20","date_gmt":"2025-05-26T11:27:20","guid":{"rendered":"https:\/\/batterycluster.pt\/noticias\/new-bat-member-mcg\/"},"modified":"2025-05-26T11:27:20","modified_gmt":"2025-05-26T11:27:20","slug":"new-bat-member-mcg","status":"publish","type":"noticias","link":"https:\/\/batterycluster.pt\/en\/news\/new-bat-member-mcg\/","title":{"rendered":"New BAT member: MCG"},"content":{"rendered":"<p>We are pleased to announce the membership of <a href=\"https:\/\/www.mcg.pt\/?lang=pt-pt\">MCG &#8211; Manuel da Concei\u00e7\u00e3o Gra\u00e7a<\/a> in the Battery Cluster, starting in the second quarter of 2025. This integration represents a significant step in strengthening the Portuguese ecosystem linked to the battery sector and the energy transition. <\/p>\n<p>With over 70 years of history and a strong international presence, MCG is a national reference in the fields of mobility, energy, and high-engineering metal components, combining robust industrial capacity with a culture of continuous innovation and technological investment. Through its business units &#8211; MCG Automotive, MCG Industry, and MCG Transportation &#8211; the company has developed highly specialized solutions that respond to the demands of strategic sectors undergoing transformation. <\/p>\n<p>MCG&#8217;s participation in the Battery Cluster reinforces our mission to promote collaboration between companies, R&amp;D centers, and public and private entities, aiming to build a strong, competitive, and sustainable national sector in the field of batteries. MCG&#8217;s experience in advanced industrial processes and its active involvement in collaborative innovation projects are valuable assets for the development of solutions applicable to electric mobility, stationary energy storage, and industrial decarbonization. <\/p>\n<p>With this new membership, the Battery Cluster continues to expand its network of members, promoting an integrated, innovative, and strategic vision for the sector in Portugal.<\/p>\n","protected":false},"excerpt":{"rendered":"<p>We are pleased to announce the membership of MCG &#8211; Manuel da Concei\u00e7\u00e3o Gra\u00e7a in the Battery Cluster, starting in the second quarter of 2025. This integration represents a significant step in strengthening the Portuguese ecosystem linked to the battery sector and the energy transition. With over 70 years of history and a strong international [&hellip;]<\/p>\n","protected":false},"featured_media":5046,"template":"","class_list":["post-5049","noticias","type-noticias","status-publish","has-post-thumbnail","hentry"],"yoast_head":"<!-- This site is optimized with the Yoast SEO plugin v25.4 - https:\/\/yoast.com\/wordpress\/plugins\/seo\/ -->\n<title>New BAT member: MCG - Battery Cluster Portugal<\/title>\n<meta name=\"robots\" content=\"index, follow, max-snippet:-1, max-image-preview:large, max-video-preview:-1\" \/>\n<link rel=\"canonical\" href=\"https:\/\/batterycluster.pt\/noticias\/new-bat-member-mcg\/\" \/>\n<meta property=\"og:locale\" content=\"en_US\" \/>\n<meta property=\"og:type\" content=\"article\" \/>\n<meta property=\"og:title\" content=\"New BAT member: MCG - Battery Cluster Portugal\" \/>\n<meta property=\"og:description\" content=\"We are pleased to announce the membership of MCG &#8211; Manuel da Concei\u00e7\u00e3o Gra\u00e7a in the Battery Cluster, starting in the second quarter of 2025. This integration represents a significant step in strengthening the Portuguese ecosystem linked to the battery sector and the energy transition. With over 70 years of history and a strong international [&hellip;]\" \/>\n<meta property=\"og:url\" content=\"https:\/\/batterycluster.pt\/noticias\/new-bat-member-mcg\/\" \/>\n<meta property=\"og:site_name\" content=\"Battery Cluster Portugal\" \/>\n<meta name=\"twitter:card\" content=\"summary_large_image\" \/>\n<meta name=\"twitter:label1\" content=\"Est. reading time\" \/>\n\t<meta name=\"twitter:data1\" content=\"1 minute\" \/>\n<script type=\"application\/ld+json\" class=\"yoast-schema-graph\">{\"@context\":\"https:\/\/schema.org\",\"@graph\":[{\"@type\":\"WebPage\",\"@id\":\"https:\/\/batterycluster.pt\/noticias\/new-bat-member-mcg\/\",\"url\":\"https:\/\/batterycluster.pt\/noticias\/new-bat-member-mcg\/\",\"name\":\"New BAT member: MCG - Battery Cluster Portugal\",\"isPartOf\":{\"@id\":\"https:\/\/batterycluster.pt\/#website\"},\"primaryImageOfPage\":{\"@id\":\"https:\/\/batterycluster.pt\/noticias\/new-bat-member-mcg\/#primaryimage\"},\"image\":{\"@id\":\"https:\/\/batterycluster.pt\/noticias\/new-bat-member-mcg\/#primaryimage\"},\"thumbnailUrl\":\"https:\/\/batterycluster.pt\/wp-content\/uploads\/2025\/05\/Armazenamento-estacionario-de-energia-o-caminho-para-uma-rede-eletrica-sustentavel-2-scaled.png\",\"datePublished\":\"2025-05-26T11:27:20+00:00\",\"breadcrumb\":{\"@id\":\"https:\/\/batterycluster.pt\/noticias\/new-bat-member-mcg\/#breadcrumb\"},\"inLanguage\":\"en-US\",\"potentialAction\":[{\"@type\":\"ReadAction\",\"target\":[\"https:\/\/batterycluster.pt\/noticias\/new-bat-member-mcg\/\"]}]},{\"@type\":\"ImageObject\",\"inLanguage\":\"en-US\",\"@id\":\"https:\/\/batterycluster.pt\/noticias\/new-bat-member-mcg\/#primaryimage\",\"url\":\"https:\/\/batterycluster.pt\/wp-content\/uploads\/2025\/05\/Armazenamento-estacionario-de-energia-o-caminho-para-uma-rede-eletrica-sustentavel-2-scaled.png\",\"contentUrl\":\"https:\/\/batterycluster.pt\/wp-content\/uploads\/2025\/05\/Armazenamento-estacionario-de-energia-o-caminho-para-uma-rede-eletrica-sustentavel-2-scaled.png\",\"width\":2560,\"height\":883},{\"@type\":\"BreadcrumbList\",\"@id\":\"https:\/\/batterycluster.pt\/noticias\/new-bat-member-mcg\/#breadcrumb\",\"itemListElement\":[{\"@type\":\"ListItem\",\"position\":1,\"name\":\"In\u00edcio\",\"item\":\"https:\/\/batterycluster.pt\/\"},{\"@type\":\"ListItem\",\"position\":2,\"name\":\"New BAT member: MCG\"}]},{\"@type\":\"WebSite\",\"@id\":\"https:\/\/batterycluster.pt\/#website\",\"url\":\"https:\/\/batterycluster.pt\/\",\"name\":\"Battery Cluster Portugal\",\"description\":\"\",\"publisher\":{\"@id\":\"https:\/\/batterycluster.pt\/#organization\"},\"potentialAction\":[{\"@type\":\"SearchAction\",\"target\":{\"@type\":\"EntryPoint\",\"urlTemplate\":\"https:\/\/batterycluster.pt\/?s={search_term_string}\"},\"query-input\":{\"@type\":\"PropertyValueSpecification\",\"valueRequired\":true,\"valueName\":\"search_term_string\"}}],\"inLanguage\":\"en-US\"},{\"@type\":\"Organization\",\"@id\":\"https:\/\/batterycluster.pt\/#organization\",\"name\":\"Battery Cluster Portugal\",\"url\":\"https:\/\/batterycluster.pt\/\",\"logo\":{\"@type\":\"ImageObject\",\"inLanguage\":\"en-US\",\"@id\":\"https:\/\/batterycluster.pt\/#\/schema\/logo\/image\/\",\"url\":\"https:\/\/batterycluster.pt\/wp-content\/uploads\/2024\/01\/second-logo.svg\",\"contentUrl\":\"https:\/\/batterycluster.pt\/wp-content\/uploads\/2024\/01\/second-logo.svg\",\"width\":1,\"height\":1,\"caption\":\"Battery Cluster Portugal\"},\"image\":{\"@id\":\"https:\/\/batterycluster.pt\/#\/schema\/logo\/image\/\"},\"sameAs\":[\"https:\/\/www.linkedin.com\/company\/battery-cluster-portugal\/\"]}]}<\/script>\n<!-- \/ Yoast SEO plugin. -->","yoast_head_json":{"title":"New BAT member: MCG - Battery Cluster Portugal","robots":{"index":"index","follow":"follow","max-snippet":"max-snippet:-1","max-image-preview":"max-image-preview:large","max-video-preview":"max-video-preview:-1"},"canonical":"https:\/\/batterycluster.pt\/noticias\/new-bat-member-mcg\/","og_locale":"en_US","og_type":"article","og_title":"New BAT member: MCG - Battery Cluster Portugal","og_description":"We are pleased to announce the membership of MCG &#8211; Manuel da Concei\u00e7\u00e3o Gra\u00e7a in the Battery Cluster, starting in the second quarter of 2025. This integration represents a significant step in strengthening the Portuguese ecosystem linked to the battery sector and the energy transition. With over 70 years of history and a strong international [&hellip;]","og_url":"https:\/\/batterycluster.pt\/noticias\/new-bat-member-mcg\/","og_site_name":"Battery Cluster Portugal","twitter_card":"summary_large_image","twitter_misc":{"Est. reading time":"1 minute"},"schema":{"@context":"https:\/\/schema.org","@graph":[{"@type":"WebPage","@id":"https:\/\/batterycluster.pt\/noticias\/new-bat-member-mcg\/","url":"https:\/\/batterycluster.pt\/noticias\/new-bat-member-mcg\/","name":"New BAT member: MCG - Battery Cluster Portugal","isPartOf":{"@id":"https:\/\/batterycluster.pt\/#website"},"primaryImageOfPage":{"@id":"https:\/\/batterycluster.pt\/noticias\/new-bat-member-mcg\/#primaryimage"},"image":{"@id":"https:\/\/batterycluster.pt\/noticias\/new-bat-member-mcg\/#primaryimage"},"thumbnailUrl":"https:\/\/batterycluster.pt\/wp-content\/uploads\/2025\/05\/Armazenamento-estacionario-de-energia-o-caminho-para-uma-rede-eletrica-sustentavel-2-scaled.png","datePublished":"2025-05-26T11:27:20+00:00","breadcrumb":{"@id":"https:\/\/batterycluster.pt\/noticias\/new-bat-member-mcg\/#breadcrumb"},"inLanguage":"en-US","potentialAction":[{"@type":"ReadAction","target":["https:\/\/batterycluster.pt\/noticias\/new-bat-member-mcg\/"]}]},{"@type":"ImageObject","inLanguage":"en-US","@id":"https:\/\/batterycluster.pt\/noticias\/new-bat-member-mcg\/#primaryimage","url":"https:\/\/batterycluster.pt\/wp-content\/uploads\/2025\/05\/Armazenamento-estacionario-de-energia-o-caminho-para-uma-rede-eletrica-sustentavel-2-scaled.png","contentUrl":"https:\/\/batterycluster.pt\/wp-content\/uploads\/2025\/05\/Armazenamento-estacionario-de-energia-o-caminho-para-uma-rede-eletrica-sustentavel-2-scaled.png","width":2560,"height":883},{"@type":"BreadcrumbList","@id":"https:\/\/batterycluster.pt\/noticias\/new-bat-member-mcg\/#breadcrumb","itemListElement":[{"@type":"ListItem","position":1,"name":"In\u00edcio","item":"https:\/\/batterycluster.pt\/"},{"@type":"ListItem","position":2,"name":"New BAT member: MCG"}]},{"@type":"WebSite","@id":"https:\/\/batterycluster.pt\/#website","url":"https:\/\/batterycluster.pt\/","name":"Battery Cluster Portugal","description":"","publisher":{"@id":"https:\/\/batterycluster.pt\/#organization"},"potentialAction":[{"@type":"SearchAction","target":{"@type":"EntryPoint","urlTemplate":"https:\/\/batterycluster.pt\/?s={search_term_string}"},"query-input":{"@type":"PropertyValueSpecification","valueRequired":true,"valueName":"search_term_string"}}],"inLanguage":"en-US"},{"@type":"Organization","@id":"https:\/\/batterycluster.pt\/#organization","name":"Battery Cluster Portugal","url":"https:\/\/batterycluster.pt\/","logo":{"@type":"ImageObject","inLanguage":"en-US","@id":"https:\/\/batterycluster.pt\/#\/schema\/logo\/image\/","url":"https:\/\/batterycluster.pt\/wp-content\/uploads\/2024\/01\/second-logo.svg","contentUrl":"https:\/\/batterycluster.pt\/wp-content\/uploads\/2024\/01\/second-logo.svg","width":1,"height":1,"caption":"Battery Cluster Portugal"},"image":{"@id":"https:\/\/batterycluster.pt\/#\/schema\/logo\/image\/"},"sameAs":["https:\/\/www.linkedin.com\/company\/battery-cluster-portugal\/"]}]}},"_links":{"self":[{"href":"https:\/\/batterycluster.pt\/en\/wp-json\/wp\/v2\/noticias\/5049","targetHints":{"allow":["GET"]}}],"collection":[{"href":"https:\/\/batterycluster.pt\/en\/wp-json\/wp\/v2\/noticias"}],"about":[{"href":"https:\/\/batterycluster.pt\/en\/wp-json\/wp\/v2\/types\/noticias"}],"version-history":[{"count":0,"href":"https:\/\/batterycluster.pt\/en\/wp-json\/wp\/v2\/noticias\/5049\/revisions"}],"wp:featuredmedia":[{"embeddable":true,"href":"https:\/\/batterycluster.pt\/en\/wp-json\/wp\/v2\/media\/5046"}],"wp:attachment":[{"href":"https:\/\/batterycluster.pt\/en\/wp-json\/wp\/v2\/media?parent=5049"}],"curies":[{"name":"wp","href":"https:\/\/api.w.org\/{rel}","templated":true}]}}